{"id":992,"date":"2026-04-09T10:00:00","date_gmt":"2026-04-09T10:00:00","guid":{"rendered":"https:\/\/www.clinicadentaria-odivelas.com\/?p=992"},"modified":"2026-03-26T12:29:02","modified_gmt":"2026-03-26T12:29:02","slug":"facetas-dentarias-o-que-sao-para-quem-servem-e-o-que-esperar","status":"publish","type":"post","link":"https:\/\/www.clinicadentaria-odivelas.com\/en\/facetas-dentarias-o-que-sao-para-quem-servem-e-o-que-esperar\/","title":{"rendered":"Facetas Dent\u00e1rias: O Que S\u00e3o, Para Quem Servem e o Que Esperar"},"content":{"rendered":"<p>Um sorriso uniforme, branco e harmonioso. \u00c9 este o resultado que as facetas dent\u00e1rias prometem \u2014 e, quando bem indicadas e bem executadas, cumprem. Mas h\u00e1 muita coisa a perceber antes de decidir.<\/p>\n\n\n\n<h3 class=\"wp-block-heading has-contrast-dark-color has-text-color has-link-color has-dm-serif-display-font-family has-superbfont-large-font-size wp-elements-8266f2add47f3ba997e167ed466e3a5a\" style=\"text-transform:none\">O que s\u00e3o facetas dent\u00e1rias?<\/h3>\n\n\n\n<p>As facetas s\u00e3o finas l\u00e2minas de material \u2014 porcelana ou comp\u00f3sito \u2014 que s\u00e3o coladas na face frontal dos dentes. O objetivo \u00e9 corrigir a apar\u00eancia: cor, forma, tamanho ou pequenas irregularidades de posi\u00e7\u00e3o.<\/p>\n\n\n\n<p>N\u00e3o s\u00e3o para toda a gente. E n\u00e3o substituem outros tratamentos quando h\u00e1 problemas de sa\u00fade oral por resolver.<\/p>\n\n\n\n<h3 class=\"wp-block-heading has-contrast-dark-color has-text-color has-link-color has-dm-serif-display-font-family has-superbfont-large-font-size wp-elements-8c637f51cb07255d640fea34a21c9421\" style=\"text-transform:none\">Comp\u00f3sito vs. Porcelana: qual a diferen\u00e7a?<\/h3>\n\n\n\n<p><strong>Facetas de comp\u00f3sito (resina)<\/strong><\/p>\n\n\n\n<ul class=\"wp-block-list\">\n<li>Aplicadas diretamente na boca, numa \u00fanica consulta<\/li>\n\n\n\n<li>Mais acess\u00edveis<\/li>\n\n\n\n<li>Revers\u00edveis e repar\u00e1veis<\/li>\n\n\n\n<li>Menor durabilidade (5 a 7 anos, com cuidado)<\/li>\n\n\n\n<li>Podem ganhar pigmenta\u00e7\u00e3o com caf\u00e9, ch\u00e1 ou tabaco<\/li>\n<\/ul>\n\n\n\n<p><strong>Facetas de porcelana<\/strong><\/p>\n\n\n\n<ul class=\"wp-block-list\">\n<li>Feitas em laborat\u00f3rio, exigem 2 a 3 consultas<\/li>\n\n\n\n<li>Resultado mais natural e duradouro (10 a 20 anos)<\/li>\n\n\n\n<li>Maior resist\u00eancia \u00e0 pigmenta\u00e7\u00e3o<\/li>\n\n\n\n<li>Investimento mais elevado<\/li>\n\n\n\n<li>Geralmente exigem desgaste m\u00ednimo do dente (irrevers\u00edvel)<\/li>\n<\/ul>\n\n\n\n<h3 class=\"wp-block-heading has-contrast-dark-color has-text-color has-link-color has-dm-serif-display-font-family has-superbfont-large-font-size wp-elements-a96fdcf5903a7d8f497b2ec52fca48f9\" style=\"text-transform:none\">Para que situa\u00e7\u00f5es s\u00e3o indicadas?<\/h3>\n\n\n\n<ul class=\"wp-block-list\">\n<li>Dentes com manchas que n\u00e3o respondem ao clareamento<\/li>\n\n\n\n<li>Dentes lascados ou desgastados<\/li>\n\n\n\n<li>Forma ou tamanho irregular<\/li>\n\n\n\n<li>Pequenos diastemas (espa\u00e7os entre dentes)<\/li>\n\n\n\n<li>Dentes com ligeiro desalinhamento visual (n\u00e3o corrigem m\u00e1 oclus\u00e3o)<\/li>\n<\/ul>\n\n\n\n<h3 class=\"wp-block-heading has-contrast-dark-color has-text-color has-link-color has-dm-serif-display-font-family has-superbfont-large-font-size wp-elements-6956d529ee6771555b124c3cc0c7dee3\" style=\"text-transform:none\">O que n\u00e3o s\u00e3o as facetas<\/h3>\n\n\n\n<p>As facetas s\u00e3o uma solu\u00e7\u00e3o est\u00e9tica \u2014 n\u00e3o estrutural. N\u00e3o tratam c\u00e1ries, doen\u00e7a periodontal ou problemas de mordida. Um bom m\u00e9dico dentista avalia primeiro a sa\u00fade oral e s\u00f3 depois planeia a est\u00e9tica.<\/p>\n\n\n\n<p>Desconfie de cl\u00ednicas que oferecem facetas sem uma avalia\u00e7\u00e3o cl\u00ednica completa pr\u00e9via.<\/p>\n\n\n\n<h3 class=\"wp-block-heading has-contrast-dark-color has-text-color has-link-color has-dm-serif-display-font-family has-superbfont-large-font-size wp-elements-d48da899bdd93e0f460344d39212fe6f\" style=\"text-transform:none\">Como \u00e9 a recupera\u00e7\u00e3o?<\/h3>\n\n\n\n<p>Praticamente nenhuma. As facetas de comp\u00f3sito ficam prontas na mesma consulta. As de porcelana exigem uns dias com facetas provis\u00f3rias entre o preparo e a coloca\u00e7\u00e3o definitiva.<\/p>\n\n\n\n<hr class=\"wp-block-separator has-alpha-channel-opacity\"\/>\n\n\n\n<p><strong>As facetas podem fazer uma diferen\u00e7a enorme no sorriso \u2014 mas o resultado depende muito da indica\u00e7\u00e3o correta e da qualidade de execu\u00e7\u00e3o. Comece sempre por uma consulta de avalia\u00e7\u00e3o est\u00e9tica.<\/strong><\/p>","protected":false},"excerpt":{"rendered":"<p>Um sorriso uniforme, branco e harmonioso. \u00c9 este o resultado que as facetas dent\u00e1rias prometem \u2014 e, quando bem indicadas e bem executadas, cumprem. Mas h\u00e1 muita coisa a perceber antes de decidir. O que s\u00e3o facetas dent\u00e1rias? As facetas s\u00e3o finas l\u00e2minas de material \u2014 porcelana ou comp\u00f3sito \u2014 que s\u00e3o coladas na face [&hellip;]<\/p>\n","protected":false},"author":1,"featured_media":993,"comment_status":"open","ping_status":"open","sticky":false,"template":"","format":"standard","meta":{"footnotes":""},"categories":[107],"tags":[79,94,108],"class_list":["post-992","post","type-post","status-publish","format-standard","has-post-thumbnail","hentry","category-facetas-dentarias","tag-clinica-dentaria-de-odivelas","tag-estetica-dentaria","tag-facetas-dentarias"],"_links":{"self":[{"href":"https:\/\/www.clinicadentaria-odivelas.com\/en\/wp-json\/wp\/v2\/posts\/992","targetHints":{"allow":["GET"]}}],"collection":[{"href":"https:\/\/www.clinicadentaria-odivelas.com\/en\/wp-json\/wp\/v2\/posts"}],"about":[{"href":"https:\/\/www.clinicadentaria-odivelas.com\/en\/wp-json\/wp\/v2\/types\/post"}],"author":[{"embeddable":true,"href":"https:\/\/www.clinicadentaria-odivelas.com\/en\/wp-json\/wp\/v2\/users\/1"}],"replies":[{"embeddable":true,"href":"https:\/\/www.clinicadentaria-odivelas.com\/en\/wp-json\/wp\/v2\/comments?post=992"}],"version-history":[{"count":1,"href":"https:\/\/www.clinicadentaria-odivelas.com\/en\/wp-json\/wp\/v2\/posts\/992\/revisions"}],"predecessor-version":[{"id":994,"href":"https:\/\/www.clinicadentaria-odivelas.com\/en\/wp-json\/wp\/v2\/posts\/992\/revisions\/994"}],"wp:featuredmedia":[{"embeddable":true,"href":"https:\/\/www.clinicadentaria-odivelas.com\/en\/wp-json\/wp\/v2\/media\/993"}],"wp:attachment":[{"href":"https:\/\/www.clinicadentaria-odivelas.com\/en\/wp-json\/wp\/v2\/media?parent=992"}],"wp:term":[{"taxonomy":"category","embeddable":true,"href":"https:\/\/www.clinicadentaria-odivelas.com\/en\/wp-json\/wp\/v2\/categories?post=992"},{"taxonomy":"post_tag","embeddable":true,"href":"https:\/\/www.clinicadentaria-odivelas.com\/en\/wp-json\/wp\/v2\/tags?post=992"}],"curies":[{"name":"wp","href":"https:\/\/api.w.org\/{rel}","templated":true}]}}